{"id":780,"date":"2016-02-28T21:06:03","date_gmt":"2016-02-28T19:06:03","guid":{"rendered":"http:\/\/www.silviafreund.de\/malerei\/?p=780"},"modified":"2019-02-17T18:33:27","modified_gmt":"2019-02-17T16:33:27","slug":"dauerausstellung-in-der-tanzschule-reichelt","status":"publish","type":"post","link":"https:\/\/www.silviafreund.de\/malerei\/dauerausstellung-in-der-tanzschule-reichelt\/","title":{"rendered":"Dauerausstellung in der Tanzschule ,,Reichelt&#8220;, ist beendet."},"content":{"rendered":"<div id='gallery-1' class='gallery galleryid-780 gallery-columns-4 gallery-size-thumbnail'><figure class='gallery-item'>\n\t\t\t<div class='gallery-icon landscape'>\n\t\t\t\t<a href='https:\/\/www.silviafreund.de\/malerei\/dauerausstellung-in-der-tanzschule-reichelt\/kunst-haengen\/'><img loading=\"lazy\" decoding=\"async\" width=\"150\" height=\"150\" src=\"https:\/\/www.silviafreund.de\/malerei\/wp-content\/uploads\/2016\/03\/kunst-haengen-150x150.jpg\" class=\"attachment-thumbnail size-thumbnail\" alt=\"Kunst h\u00e4ngen\" aria-describedby=\"gallery-1-781\" \/><\/a>\n\t\t\t<\/div>\n\t\t\t\t<figcaption class='wp-caption-text gallery-caption' id='gallery-1-781'>\n\t\t\t\tKunst h\u00e4ngen\n\t\t\t\t<\/figcaption><\/figure><figure class='gallery-item'>\n\t\t\t<div class='gallery-icon landscape'>\n\t\t\t\t<a href='https:\/\/www.silviafreund.de\/malerei\/dauerausstellung-in-der-tanzschule-reichelt\/kunst-sofa\/'><img loading=\"lazy\" decoding=\"async\" width=\"150\" height=\"150\" src=\"https:\/\/www.silviafreund.de\/malerei\/wp-content\/uploads\/2016\/03\/kunst-sofa-150x150.jpg\" class=\"attachment-thumbnail size-thumbnail\" alt=\"Kunst im Raum\" aria-describedby=\"gallery-1-782\" \/><\/a>\n\t\t\t<\/div>\n\t\t\t\t<figcaption class='wp-caption-text gallery-caption' id='gallery-1-782'>\n\t\t\t\tKunst im Raum\n\t\t\t\t<\/figcaption><\/figure><figure class='gallery-item'>\n\t\t\t<div class='gallery-icon landscape'>\n\t\t\t\t<a href='https:\/\/www.silviafreund.de\/malerei\/dauerausstellung-in-der-tanzschule-reichelt\/kunst-ueber-dem-sofa\/'><img loading=\"lazy\" decoding=\"async\" width=\"150\" height=\"150\" src=\"https:\/\/www.silviafreund.de\/malerei\/wp-content\/uploads\/2016\/03\/kunst-ueber-dem-sofa-150x150.jpg\" class=\"attachment-thumbnail size-thumbnail\" alt=\"Kunst im Raum\" aria-describedby=\"gallery-1-783\" \/><\/a>\n\t\t\t<\/div>\n\t\t\t\t<figcaption class='wp-caption-text gallery-caption' id='gallery-1-783'>\n\t\t\t\tKunst im Raum\n\t\t\t\t<\/figcaption><\/figure><figure class='gallery-item'>\n\t\t\t<div class='gallery-icon landscape'>\n\t\t\t\t<a href='https:\/\/www.silviafreund.de\/malerei\/dauerausstellung-in-der-tanzschule-reichelt\/kunst-ueber-sofa\/'><img loading=\"lazy\" decoding=\"async\" width=\"150\" height=\"150\" src=\"https:\/\/www.silviafreund.de\/malerei\/wp-content\/uploads\/2016\/03\/kunst-ueber-sofa-150x150.jpg\" class=\"attachment-thumbnail size-thumbnail\" alt=\"Kunst im Raum\" aria-describedby=\"gallery-1-784\" \/><\/a>\n\t\t\t<\/div>\n\t\t\t\t<figcaption class='wp-caption-text gallery-caption' id='gallery-1-784'>\n\t\t\t\tKunst im Raum\n\t\t\t\t<\/figcaption><\/figure>\n\t\t<\/div>\n\n<p>Diese Fotos sind in der Tanzschule ,,Reichelt,, in D\u00fcsseldorf, Sternstra\u00dfe 22, entstanden.<\/p>\n","protected":false},"excerpt":{"rendered":"<p>Diese Fotos sind in der Tanzschule ,,Reichelt,, in D\u00fcsseldorf, Sternstra\u00dfe 22, entstanden. Dort findet eine Dauerausstellung mit st\u00e4ndig wechselnden Motiven statt.<\/p>\n","protected":false},"author":3,"featured_media":781,"comment_status":"closed","ping_status":"closed","sticky":false,"template":"","format":"standard","meta":{"footnotes":""},"categories":[8],"tags":[],"class_list":["post-780","post","type-post","status-publish","format-standard","has-post-thumbnail","hentry","category-blog"],"yoast_head":"<!-- This site is optimized with the Yoast SEO plugin v26.7 - https:\/\/yoast.com\/wordpress\/plugins\/seo\/ -->\n<title>Dauerausstellung in der Tanzschule ,,Reichelt&quot;, ist beendet. - Silvia Freund-Herku<\/title>\n<meta name=\"robots\" content=\"index, follow, max-snippet:-1, max-image-preview:large, max-video-preview:-1\" \/>\n<link rel=\"canonical\" href=\"https:\/\/www.silviafreund.de\/malerei\/dauerausstellung-in-der-tanzschule-reichelt\/\" \/>\n<meta property=\"og:locale\" content=\"de_DE\" \/>\n<meta property=\"og:type\" content=\"article\" \/>\n<meta property=\"og:title\" content=\"Dauerausstellung in der Tanzschule ,,Reichelt&quot;, ist beendet. - Silvia Freund-Herku\" \/>\n<meta property=\"og:description\" content=\"Diese Fotos sind in der Tanzschule ,,Reichelt,, in D\u00fcsseldorf, Sternstra\u00dfe 22, entstanden. Dort findet eine Dauerausstellung mit st\u00e4ndig wechselnden Motiven statt.\" \/>\n<meta property=\"og:url\" content=\"https:\/\/www.silviafreund.de\/malerei\/dauerausstellung-in-der-tanzschule-reichelt\/\" \/>\n<meta property=\"og:site_name\" content=\"Silvia Freund-Herku\" \/>\n<meta property=\"article:published_time\" content=\"2016-02-28T19:06:03+00:00\" \/>\n<meta property=\"article:modified_time\" content=\"2019-02-17T16:33:27+00:00\" \/>\n<meta property=\"og:image\" content=\"https:\/\/www.silviafreund.de\/malerei\/wp-content\/uploads\/2016\/03\/kunst-haengen.jpg\" \/>\n\t<meta property=\"og:image:width\" content=\"1200\" \/>\n\t<meta property=\"og:image:height\" content=\"800\" \/>\n\t<meta property=\"og:image:type\" content=\"image\/jpeg\" \/>\n<meta name=\"author\" content=\"admin-mieke\" \/>\n<meta name=\"twitter:card\" content=\"summary_large_image\" \/>\n<meta name=\"twitter:label1\" content=\"Verfasst von\" \/>\n\t<meta name=\"twitter:data1\" content=\"admin-mieke\" \/>\n<script type=\"application\/ld+json\" class=\"yoast-schema-graph\">{\"@context\":\"https:\/\/schema.org\",\"@graph\":[{\"@type\":\"Article\",\"@id\":\"https:\/\/www.silviafreund.de\/malerei\/dauerausstellung-in-der-tanzschule-reichelt\/#article\",\"isPartOf\":{\"@id\":\"https:\/\/www.silviafreund.de\/malerei\/dauerausstellung-in-der-tanzschule-reichelt\/\"},\"author\":{\"name\":\"admin-mieke\",\"@id\":\"https:\/\/www.silviafreund.de\/malerei\/#\/schema\/person\/b72176bc9b2c2178a717db07871f4c82\"},\"headline\":\"Dauerausstellung in der Tanzschule ,,Reichelt&#8220;, ist beendet.\",\"datePublished\":\"2016-02-28T19:06:03+00:00\",\"dateModified\":\"2019-02-17T16:33:27+00:00\",\"mainEntityOfPage\":{\"@id\":\"https:\/\/www.silviafreund.de\/malerei\/dauerausstellung-in-der-tanzschule-reichelt\/\"},\"wordCount\":23,\"image\":{\"@id\":\"https:\/\/www.silviafreund.de\/malerei\/dauerausstellung-in-der-tanzschule-reichelt\/#primaryimage\"},\"thumbnailUrl\":\"https:\/\/www.silviafreund.de\/malerei\/wp-content\/uploads\/2016\/03\/kunst-haengen.jpg\",\"articleSection\":[\"Blog\"],\"inLanguage\":\"de\"},{\"@type\":\"WebPage\",\"@id\":\"https:\/\/www.silviafreund.de\/malerei\/dauerausstellung-in-der-tanzschule-reichelt\/\",\"url\":\"https:\/\/www.silviafreund.de\/malerei\/dauerausstellung-in-der-tanzschule-reichelt\/\",\"name\":\"Dauerausstellung in der Tanzschule ,,Reichelt\\\", ist beendet. - Silvia Freund-Herku\",\"isPartOf\":{\"@id\":\"https:\/\/www.silviafreund.de\/malerei\/#website\"},\"primaryImageOfPage\":{\"@id\":\"https:\/\/www.silviafreund.de\/malerei\/dauerausstellung-in-der-tanzschule-reichelt\/#primaryimage\"},\"image\":{\"@id\":\"https:\/\/www.silviafreund.de\/malerei\/dauerausstellung-in-der-tanzschule-reichelt\/#primaryimage\"},\"thumbnailUrl\":\"https:\/\/www.silviafreund.de\/malerei\/wp-content\/uploads\/2016\/03\/kunst-haengen.jpg\",\"datePublished\":\"2016-02-28T19:06:03+00:00\",\"dateModified\":\"2019-02-17T16:33:27+00:00\",\"author\":{\"@id\":\"https:\/\/www.silviafreund.de\/malerei\/#\/schema\/person\/b72176bc9b2c2178a717db07871f4c82\"},\"breadcrumb\":{\"@id\":\"https:\/\/www.silviafreund.de\/malerei\/dauerausstellung-in-der-tanzschule-reichelt\/#breadcrumb\"},\"inLanguage\":\"de\",\"potentialAction\":[{\"@type\":\"ReadAction\",\"target\":[\"https:\/\/www.silviafreund.de\/malerei\/dauerausstellung-in-der-tanzschule-reichelt\/\"]}]},{\"@type\":\"ImageObject\",\"inLanguage\":\"de\",\"@id\":\"https:\/\/www.silviafreund.de\/malerei\/dauerausstellung-in-der-tanzschule-reichelt\/#primaryimage\",\"url\":\"https:\/\/www.silviafreund.de\/malerei\/wp-content\/uploads\/2016\/03\/kunst-haengen.jpg\",\"contentUrl\":\"https:\/\/www.silviafreund.de\/malerei\/wp-content\/uploads\/2016\/03\/kunst-haengen.jpg\",\"width\":1200,\"height\":800,\"caption\":\"Kunst h\u00e4ngen\"},{\"@type\":\"BreadcrumbList\",\"@id\":\"https:\/\/www.silviafreund.de\/malerei\/dauerausstellung-in-der-tanzschule-reichelt\/#breadcrumb\",\"itemListElement\":[{\"@type\":\"ListItem\",\"position\":1,\"name\":\"Startseite\",\"item\":\"https:\/\/www.silviafreund.de\/malerei\/\"},{\"@type\":\"ListItem\",\"position\":2,\"name\":\"Dauerausstellung in der Tanzschule ,,Reichelt&#8220;, ist beendet.\"}]},{\"@type\":\"WebSite\",\"@id\":\"https:\/\/www.silviafreund.de\/malerei\/#website\",\"url\":\"https:\/\/www.silviafreund.de\/malerei\/\",\"name\":\"Silvia Freund-Herku\",\"description\":\"Malerei aus Hilden\",\"potentialAction\":[{\"@type\":\"SearchAction\",\"target\":{\"@type\":\"EntryPoint\",\"urlTemplate\":\"https:\/\/www.silviafreund.de\/malerei\/?s={search_term_string}\"},\"query-input\":{\"@type\":\"PropertyValueSpecification\",\"valueRequired\":true,\"valueName\":\"search_term_string\"}}],\"inLanguage\":\"de\"},{\"@type\":\"Person\",\"@id\":\"https:\/\/www.silviafreund.de\/malerei\/#\/schema\/person\/b72176bc9b2c2178a717db07871f4c82\",\"name\":\"admin-mieke\"}]}<\/script>\n<!-- \/ Yoast SEO plugin. -->","yoast_head_json":{"title":"Dauerausstellung in der Tanzschule ,,Reichelt\", ist beendet. - Silvia Freund-Herku","robots":{"index":"index","follow":"follow","max-snippet":"max-snippet:-1","max-image-preview":"max-image-preview:large","max-video-preview":"max-video-preview:-1"},"canonical":"https:\/\/www.silviafreund.de\/malerei\/dauerausstellung-in-der-tanzschule-reichelt\/","og_locale":"de_DE","og_type":"article","og_title":"Dauerausstellung in der Tanzschule ,,Reichelt\", ist beendet. - Silvia Freund-Herku","og_description":"Diese Fotos sind in der Tanzschule ,,Reichelt,, in D\u00fcsseldorf, Sternstra\u00dfe 22, entstanden. Dort findet eine Dauerausstellung mit st\u00e4ndig wechselnden Motiven statt.","og_url":"https:\/\/www.silviafreund.de\/malerei\/dauerausstellung-in-der-tanzschule-reichelt\/","og_site_name":"Silvia Freund-Herku","article_published_time":"2016-02-28T19:06:03+00:00","article_modified_time":"2019-02-17T16:33:27+00:00","og_image":[{"width":1200,"height":800,"url":"https:\/\/www.silviafreund.de\/malerei\/wp-content\/uploads\/2016\/03\/kunst-haengen.jpg","type":"image\/jpeg"}],"author":"admin-mieke","twitter_card":"summary_large_image","twitter_misc":{"Verfasst von":"admin-mieke"},"schema":{"@context":"https:\/\/schema.org","@graph":[{"@type":"Article","@id":"https:\/\/www.silviafreund.de\/malerei\/dauerausstellung-in-der-tanzschule-reichelt\/#article","isPartOf":{"@id":"https:\/\/www.silviafreund.de\/malerei\/dauerausstellung-in-der-tanzschule-reichelt\/"},"author":{"name":"admin-mieke","@id":"https:\/\/www.silviafreund.de\/malerei\/#\/schema\/person\/b72176bc9b2c2178a717db07871f4c82"},"headline":"Dauerausstellung in der Tanzschule ,,Reichelt&#8220;, ist beendet.","datePublished":"2016-02-28T19:06:03+00:00","dateModified":"2019-02-17T16:33:27+00:00","mainEntityOfPage":{"@id":"https:\/\/www.silviafreund.de\/malerei\/dauerausstellung-in-der-tanzschule-reichelt\/"},"wordCount":23,"image":{"@id":"https:\/\/www.silviafreund.de\/malerei\/dauerausstellung-in-der-tanzschule-reichelt\/#primaryimage"},"thumbnailUrl":"https:\/\/www.silviafreund.de\/malerei\/wp-content\/uploads\/2016\/03\/kunst-haengen.jpg","articleSection":["Blog"],"inLanguage":"de"},{"@type":"WebPage","@id":"https:\/\/www.silviafreund.de\/malerei\/dauerausstellung-in-der-tanzschule-reichelt\/","url":"https:\/\/www.silviafreund.de\/malerei\/dauerausstellung-in-der-tanzschule-reichelt\/","name":"Dauerausstellung in der Tanzschule ,,Reichelt\", ist beendet. - Silvia Freund-Herku","isPartOf":{"@id":"https:\/\/www.silviafreund.de\/malerei\/#website"},"primaryImageOfPage":{"@id":"https:\/\/www.silviafreund.de\/malerei\/dauerausstellung-in-der-tanzschule-reichelt\/#primaryimage"},"image":{"@id":"https:\/\/www.silviafreund.de\/malerei\/dauerausstellung-in-der-tanzschule-reichelt\/#primaryimage"},"thumbnailUrl":"https:\/\/www.silviafreund.de\/malerei\/wp-content\/uploads\/2016\/03\/kunst-haengen.jpg","datePublished":"2016-02-28T19:06:03+00:00","dateModified":"2019-02-17T16:33:27+00:00","author":{"@id":"https:\/\/www.silviafreund.de\/malerei\/#\/schema\/person\/b72176bc9b2c2178a717db07871f4c82"},"breadcrumb":{"@id":"https:\/\/www.silviafreund.de\/malerei\/dauerausstellung-in-der-tanzschule-reichelt\/#breadcrumb"},"inLanguage":"de","potentialAction":[{"@type":"ReadAction","target":["https:\/\/www.silviafreund.de\/malerei\/dauerausstellung-in-der-tanzschule-reichelt\/"]}]},{"@type":"ImageObject","inLanguage":"de","@id":"https:\/\/www.silviafreund.de\/malerei\/dauerausstellung-in-der-tanzschule-reichelt\/#primaryimage","url":"https:\/\/www.silviafreund.de\/malerei\/wp-content\/uploads\/2016\/03\/kunst-haengen.jpg","contentUrl":"https:\/\/www.silviafreund.de\/malerei\/wp-content\/uploads\/2016\/03\/kunst-haengen.jpg","width":1200,"height":800,"caption":"Kunst h\u00e4ngen"},{"@type":"BreadcrumbList","@id":"https:\/\/www.silviafreund.de\/malerei\/dauerausstellung-in-der-tanzschule-reichelt\/#breadcrumb","itemListElement":[{"@type":"ListItem","position":1,"name":"Startseite","item":"https:\/\/www.silviafreund.de\/malerei\/"},{"@type":"ListItem","position":2,"name":"Dauerausstellung in der Tanzschule ,,Reichelt&#8220;, ist beendet."}]},{"@type":"WebSite","@id":"https:\/\/www.silviafreund.de\/malerei\/#website","url":"https:\/\/www.silviafreund.de\/malerei\/","name":"Silvia Freund-Herku","description":"Malerei aus Hilden","potentialAction":[{"@type":"SearchAction","target":{"@type":"EntryPoint","urlTemplate":"https:\/\/www.silviafreund.de\/malerei\/?s={search_term_string}"},"query-input":{"@type":"PropertyValueSpecification","valueRequired":true,"valueName":"search_term_string"}}],"inLanguage":"de"},{"@type":"Person","@id":"https:\/\/www.silviafreund.de\/malerei\/#\/schema\/person\/b72176bc9b2c2178a717db07871f4c82","name":"admin-mieke"}]}},"_links":{"self":[{"href":"https:\/\/www.silviafreund.de\/malerei\/wp-json\/wp\/v2\/posts\/780","targetHints":{"allow":["GET"]}}],"collection":[{"href":"https:\/\/www.silviafreund.de\/malerei\/wp-json\/wp\/v2\/posts"}],"about":[{"href":"https:\/\/www.silviafreund.de\/malerei\/wp-json\/wp\/v2\/types\/post"}],"author":[{"embeddable":true,"href":"https:\/\/www.silviafreund.de\/malerei\/wp-json\/wp\/v2\/users\/3"}],"replies":[{"embeddable":true,"href":"https:\/\/www.silviafreund.de\/malerei\/wp-json\/wp\/v2\/comments?post=780"}],"version-history":[{"count":15,"href":"https:\/\/www.silviafreund.de\/malerei\/wp-json\/wp\/v2\/posts\/780\/revisions"}],"predecessor-version":[{"id":1181,"href":"https:\/\/www.silviafreund.de\/malerei\/wp-json\/wp\/v2\/posts\/780\/revisions\/1181"}],"wp:featuredmedia":[{"embeddable":true,"href":"https:\/\/www.silviafreund.de\/malerei\/wp-json\/wp\/v2\/media\/781"}],"wp:attachment":[{"href":"https:\/\/www.silviafreund.de\/malerei\/wp-json\/wp\/v2\/media?parent=780"}],"wp:term":[{"taxonomy":"category","embeddable":true,"href":"https:\/\/www.silviafreund.de\/malerei\/wp-json\/wp\/v2\/categories?post=780"},{"taxonomy":"post_tag","embeddable":true,"href":"https:\/\/www.silviafreund.de\/malerei\/wp-json\/wp\/v2\/tags?post=780"}],"curies":[{"name":"wp","href":"https:\/\/api.w.org\/{rel}","templated":true}]}}